{"id":446,"date":"2023-07-05T13:49:14","date_gmt":"2023-07-05T13:49:14","guid":{"rendered":"https:\/\/lpspetrachetriscu.ro\/?p=446"},"modified":"2023-07-05T13:59:55","modified_gmt":"2023-07-05T13:59:55","slug":"rezultatele-la-admiterea-in-clasa-a-ix-a-an-scolar-2023-2024","status":"publish","type":"post","link":"https:\/\/lpspetrachetriscu.ro\/index.php\/2023\/07\/05\/rezultatele-la-admiterea-in-clasa-a-ix-a-an-scolar-2023-2024\/","title":{"rendered":"REZULTATELE LA ADMITEREA \u00ceN\u00a0CLASA a IX-a, AN \u0218COLAR 2023-2024"},"content":{"rendered":"\n<blockquote class=\"wp-block-quote is-layout-flow wp-block-quote-is-layout-flow\">\n<p><a href=\"https:\/\/lpspetrachetriscu.ro\/wp-content\/uploads\/2023\/07\/ADMISI-ATLETISM.pdf\" data-type=\"URL\" data-id=\"https:\/\/lpspetrachetriscu.ro\/wp-content\/uploads\/2023\/07\/ADMISI-ATLETISM.pdf\" target=\"_blank\" rel=\"noreferrer noopener\">LISTA CANDIDA\u0162ILOR DECLARA\u0162I ADMI\u015eI LA LICEUL CU PROGRAM SPORTIV \u201cPETRACHE TRI\u015eCU\u201d, CRAIOVA &#8211; SPECIALIZAREA ATLETISM<\/a><\/p>\n\n\n\n<p><a href=\"https:\/\/lpspetrachetriscu.ro\/wp-content\/uploads\/2023\/07\/ADMISI-SCRIMA.pdf\" data-type=\"URL\" data-id=\"https:\/\/lpspetrachetriscu.ro\/wp-content\/uploads\/2023\/07\/ADMISI-SCRIMA.pdf\" target=\"_blank\" rel=\"noreferrer noopener\">LISTA CANDIDA\u0162ILOR DECLARA\u0162I ADMI\u015eI LA LICEUL CU PROGRAM SPORTIV \u201cPETRACHE TRI\u015eCU\u201d, CRAIOVA &#8211; SPECIALIZAREA SCRIM\u0102<\/a><\/p>\n\n\n\n<p><a href=\"https:\/\/lpspetrachetriscu.ro\/wp-content\/uploads\/2023\/07\/RESPINSI-ATLETISM.pdf\" data-type=\"URL\" data-id=\"https:\/\/lpspetrachetriscu.ro\/wp-content\/uploads\/2023\/07\/RESPINSI-ATLETISM.pdf\" target=\"_blank\" rel=\"noreferrer noopener\">LISTA CANDIDA\u0162ILOR DECLARA\u0162I RESPIN\u015eI\/RETRA\u0218I LA LICEUL CU PROGRAM SPORTIV \u201cPETRACHE TRI\u015eCU\u201d, CRAIOVA &#8211; SPECIALIZAREA ATLETISM<\/a><\/p>\n\n\n\n<p><a href=\"https:\/\/lpspetrachetriscu.ro\/wp-content\/uploads\/2023\/07\/RESPINSI-SCRIMA.pdf\" data-type=\"URL\" data-id=\"https:\/\/lpspetrachetriscu.ro\/wp-content\/uploads\/2023\/07\/RESPINSI-SCRIMA.pdf\" target=\"_blank\" rel=\"noreferrer noopener\">LISTA CANDIDA\u0162ILOR DECLARA\u0162I RESPIN\u015eI\/RETRA\u0218I LA LICEUL CU PROGRAM SPORTIV \u201cPETRACHE TRI\u015eCU\u201d, CRAIOVA &#8211; SPECIALIZAREA SCRIM\u0102<\/a><\/p>\n<\/blockquote>\n","protected":false},"excerpt":{"rendered":"<p>LISTA CANDIDA\u0162ILOR DECLARA\u0162I ADMI\u015eI LA LICEUL CU PROGRAM SPORTIV \u201cPETRACHE TRI\u015eCU\u201d, CRAIOVA &#8211; SPECIALIZAREA ATLETISM LISTA CANDIDA\u0162ILOR DECLARA\u0162I ADMI\u015eI LA LICEUL CU PROGRAM [&hellip;]<\/p>\n","protected":false},"author":1,"featured_media":0,"comment_status":"open","ping_status":"open","sticky":false,"template":"","format":"standard","meta":{"footnotes":""},"categories":[1],"tags":[],"class_list":["post-446","post","type-post","status-publish","format-standard","hentry","category-uncategorized"],"_links":{"self":[{"href":"https:\/\/lpspetrachetriscu.ro\/index.php\/wp-json\/wp\/v2\/posts\/446","targetHints":{"allow":["GET"]}}],"collection":[{"href":"https:\/\/lpspetrachetriscu.ro\/index.php\/wp-json\/wp\/v2\/posts"}],"about":[{"href":"https:\/\/lpspetrachetriscu.ro\/index.php\/wp-json\/wp\/v2\/types\/post"}],"author":[{"embeddable":true,"href":"https:\/\/lpspetrachetriscu.ro\/index.php\/wp-json\/wp\/v2\/users\/1"}],"replies":[{"embeddable":true,"href":"https:\/\/lpspetrachetriscu.ro\/index.php\/wp-json\/wp\/v2\/comments?post=446"}],"version-history":[{"count":2,"href":"https:\/\/lpspetrachetriscu.ro\/index.php\/wp-json\/wp\/v2\/posts\/446\/revisions"}],"predecessor-version":[{"id":452,"href":"https:\/\/lpspetrachetriscu.ro\/index.php\/wp-json\/wp\/v2\/posts\/446\/revisions\/452"}],"wp:attachment":[{"href":"https:\/\/lpspetrachetriscu.ro\/index.php\/wp-json\/wp\/v2\/media?parent=446"}],"wp:term":[{"taxonomy":"category","embeddable":true,"href":"https:\/\/lpspetrachetriscu.ro\/index.php\/wp-json\/wp\/v2\/categories?post=446"},{"taxonomy":"post_tag","embeddable":true,"href":"https:\/\/lpspetrachetriscu.ro\/index.php\/wp-json\/wp\/v2\/tags?post=446"}],"curies":[{"name":"wp","href":"https:\/\/api.w.org\/{rel}","templated":true}]}}